{"id":2845,"date":"2025-01-23T19:49:59","date_gmt":"2025-01-23T18:49:59","guid":{"rendered":"https:\/\/kolpingsfamilie-vechta-maria-frieden.de\/?p=2845"},"modified":"2025-01-23T20:03:01","modified_gmt":"2025-01-23T19:03:01","slug":"verabschiedung-schriftfuehrerin-mechthild-thie","status":"publish","type":"post","link":"https:\/\/kolpingsfamilie-vechta-maria-frieden.de\/?p=2845","title":{"rendered":"Verabschiedung Schriftf\u00fchrerin Mechthild Thie"},"content":{"rendered":"\n<p>Auf unserer letzten Generalversammlung am 7.12.2024 wurde unsere langj\u00e4hrige Schriftf\u00fchrerin Mechthild Thie ehrenvoll verabschiedet. Der gesamte Vorstand und alle Kolpingmitglieder bedanken sich herzlich f\u00fcr die tolle und aufopferungsvolle Arbeit von Mechthild (im Bild rechts).<br>Nach dem gemeinsamen Gottesdienst in der Pfarrkirche gab es im Pfarrheim zuerst eine Gulaschsuppe. Anschlie\u00dfend erfolgte unter der Leitung von Norbert Belling (Bild Mitte) die Generalversammlung mit dem T\u00e4tigkeitsbericht, dem Bericht der Kassiererin Marie Luise Kamphaus (im Bild links) und zahlreichen Ehrungen. Der gesamte Vorstand wurde entlastet. Als neue Schriftf\u00fchrerinnen wurden Mechthild Tepe und Ulrike Langhorst gew\u00e4hlt. Danke f\u00fcr eure Bereitschaft im Ehrenamt.<\/p>\n\n\n\n<figure class=\"wp-block-image size-large\"><a href=\"https:\/\/kolpingsfamilie-vechta-maria-frieden.de\/wp-content\/uploads\/2025\/01\/2024-12-07_Verabschiedung_Mechtild_Thie_Schriftfuehrerin-scaled.jpg\"><img loading=\"lazy\" decoding=\"async\" width=\"1024\" height=\"869\" src=\"https:\/\/kolpingsfamilie-vechta-maria-frieden.de\/wp-content\/uploads\/2025\/01\/2024-12-07_Verabschiedung_Mechtild_Thie_Schriftfuehrerin-1024x869.jpg\" alt=\"\" class=\"wp-image-2848\" srcset=\"https:\/\/kolpingsfamilie-vechta-maria-frieden.de\/wp-content\/uploads\/2025\/01\/2024-12-07_Verabschiedung_Mechtild_Thie_Schriftfuehrerin-1024x869.jpg 1024w, https:\/\/kolpingsfamilie-vechta-maria-frieden.de\/wp-content\/uploads\/2025\/01\/2024-12-07_Verabschiedung_Mechtild_Thie_Schriftfuehrerin-300x255.jpg 300w, https:\/\/kolpingsfamilie-vechta-maria-frieden.de\/wp-content\/uploads\/2025\/01\/2024-12-07_Verabschiedung_Mechtild_Thie_Schriftfuehrerin-768x652.jpg 768w, https:\/\/kolpingsfamilie-vechta-maria-frieden.de\/wp-content\/uploads\/2025\/01\/2024-12-07_Verabschiedung_Mechtild_Thie_Schriftfuehrerin-1536x1303.jpg 1536w, https:\/\/kolpingsfamilie-vechta-maria-frieden.de\/wp-content\/uploads\/2025\/01\/2024-12-07_Verabschiedung_Mechtild_Thie_Schriftfuehrerin-2048x1738.jpg 2048w, https:\/\/kolpingsfamilie-vechta-maria-frieden.de\/wp-content\/uploads\/2025\/01\/2024-12-07_Verabschiedung_Mechtild_Thie_Schriftfuehrerin-150x127.jpg 150w\" sizes=\"(max-width: 1024px) 100vw, 1024px\" \/><\/a><\/figure>\n","protected":false},"excerpt":{"rendered":"<p>Auf unserer letzten Generalversammlung am 7.12.2024 wurde unsere langj\u00e4hrige Schriftf\u00fchrerin Mechthild Thie ehrenvoll verabschiedet. Der gesamte Vorstand und alle Kolpingmitglieder bedanken sich herzlich f\u00fcr die tolle und aufopferungsvolle Arbeit von Mechthild (im Bild rechts).Nach dem gemeinsamen Gottesdienst in der Pfarrkirche gab es im Pfarrheim zuerst eine Gulaschsuppe. Anschlie\u00dfend erfolgte unter der Leitung von Norbert Belling&hellip;<\/p>\n","protected":false},"author":10,"featured_media":0,"comment_status":"closed","ping_status":"closed","sticky":false,"template":"","format":"standard","meta":{"footnotes":""},"categories":[9],"tags":[],"_links":{"self":[{"href":"https:\/\/kolpingsfamilie-vechta-maria-frieden.de\/index.php?rest_route=\/wp\/v2\/posts\/2845"}],"collection":[{"href":"https:\/\/kolpingsfamilie-vechta-maria-frieden.de\/index.php?rest_route=\/wp\/v2\/posts"}],"about":[{"href":"https:\/\/kolpingsfamilie-vechta-maria-frieden.de\/index.php?rest_route=\/wp\/v2\/types\/post"}],"author":[{"embeddable":true,"href":"https:\/\/kolpingsfamilie-vechta-maria-frieden.de\/index.php?rest_route=\/wp\/v2\/users\/10"}],"replies":[{"embeddable":true,"href":"https:\/\/kolpingsfamilie-vechta-maria-frieden.de\/index.php?rest_route=%2Fwp%2Fv2%2Fcomments&post=2845"}],"version-history":[{"count":3,"href":"https:\/\/kolpingsfamilie-vechta-maria-frieden.de\/index.php?rest_route=\/wp\/v2\/posts\/2845\/revisions"}],"predecessor-version":[{"id":2849,"href":"https:\/\/kolpingsfamilie-vechta-maria-frieden.de\/index.php?rest_route=\/wp\/v2\/posts\/2845\/revisions\/2849"}],"wp:attachment":[{"href":"https:\/\/kolpingsfamilie-vechta-maria-frieden.de\/index.php?rest_route=%2Fwp%2Fv2%2Fmedia&parent=2845"}],"wp:term":[{"taxonomy":"category","embeddable":true,"href":"https:\/\/kolpingsfamilie-vechta-maria-frieden.de\/index.php?rest_route=%2Fwp%2Fv2%2Fcategories&post=2845"},{"taxonomy":"post_tag","embeddable":true,"href":"https:\/\/kolpingsfamilie-vechta-maria-frieden.de\/index.php?rest_route=%2Fwp%2Fv2%2Ftags&post=2845"}],"curies":[{"name":"wp","href":"https:\/\/api.w.org\/{rel}","templated":true}]}}